{"id":628,"date":"2024-07-05T19:07:20","date_gmt":"2024-07-05T19:07:20","guid":{"rendered":"https:\/\/qrealo.cl\/colegiobureche\/index.php\/2024\/07\/05\/infografico-asi-acompanamos-a-los-ninos-de-preescolar-en-nuestro-colegio-virtual\/"},"modified":"2024-07-05T19:07:20","modified_gmt":"2024-07-05T19:07:20","slug":"infografico-asi-acompanamos-a-los-ninos-de-preescolar-en-nuestro-colegio-virtual","status":"publish","type":"school-news","link":"https:\/\/colegiobureche.edu.co\/es\/school-news\/infografico-asi-acompanamos-a-los-ninos-de-preescolar-en-nuestro-colegio-virtual\/","title":{"rendered":"[Infogr\u00e1fico] As\u00ed acompa\u00f1amos a los ni\u00f1os de preescolar en nuestro colegio virtual"},"content":{"rendered":"<p><span id=\"hs_cos_wrapper_post_body\" class=\"hs_cos_wrapper hs_cos_wrapper_meta_field hs_cos_wrapper_type_rich_text\" data-hs-cos-general-type=\"meta_field\" data-hs-cos-type=\"rich_text\"><\/p>\n<p style=\"text-align: justify\">En el preescolar de Bureche School contamos con un equipo interdisciplinario, y tenemos las puertas abiertas para brindar apoyo en todo momento.<\/p>\n<p><span><br \/>\n   <!--more--><\/span><\/p>\n<p><span><img decoding=\"async\" src=\"https:\/\/colegiobureche.edu.co\/wp-content\/uploads\/sites\/33\/2025\/01\/AdobeStock_27345700-min.jpeg\" alt=\"colegio virtual \" width=\"500\" style=\"width: 500px;margin-left: auto;margin-right: auto\"><\/span><\/p>\n<p style=\"text-align: justify\">Son muchas las dudas que puedes tener sobre la educaci\u00f3n preescolar de tus hijos en la modalidad virtual, no solo las relacionadas con su proceso acad\u00e9mico sino tambi\u00e9n las que tienen que ver con su desarrollo.<\/p>\n<p style=\"text-align: justify\">Es normal que te preguntes \u00bflo estar\u00e9 haciendo bien?, \u00bfs\u00ed le estoy dando a mi hijo el acompa\u00f1amiento que necesita?, \u00bfc\u00f3mo podemos aportar desde la familia a su desarrollo?, \u00bfla metodolog\u00eda del preescolar s\u00ed es efectiva?, \u00bfen qui\u00e9n me puedo apoyar?&nbsp;<\/p>\n<p style=\"text-align: justify\"><strong>Queremos decirte que no est\u00e1s solo. En Bureche School contamos con un equipo interdisciplinario<\/strong> encargado de hacer seguimiento y acompa\u00f1ar a los estudiantes y sus familias, para lograr que los ni\u00f1os potencien al m\u00e1ximo sus capacidades en esta etapa tan importante de sus vidas.&nbsp;&nbsp;<\/p>\n<p style=\"text-align: justify\"><span style=\"color: #ff0201\"><a href=\"https:\/\/blog.colegiobureche.edu.co\/importancia-educacion-preescolar-hijos\" style=\"font-weight: bold;color: #ff0201\">Por qu\u00e9 es importante el preescolar para tu hijo<\/a><\/span><\/p>\n<blockquote>\n<p style=\"font-size: 16px;text-align: center\">&nbsp;<\/p>\n<p style=\"font-size: 16px;text-align: center\"><strong><span style=\"color: #ff0201\">\u201cLa propuesta educativa virtual del preescolar de Bureche fue dise\u00f1ada precisamente teniendo en cuenta las edades y etapas de desarrollo de nuestros chicos, sus intereses, necesidades y capacidades individuales\u201d.<\/span><\/strong><\/p>\n<p style=\"text-align: center;font-size: 16px\"><span style=\"color: #ff0201\">Carmen Alicia Solano, directora del preescolar de Bureche School.<\/span><\/p>\n<\/blockquote>\n<p style=\"text-align: justify\">&nbsp;<\/p>\n<p style=\"text-align: justify\">Conoce c\u00f3mo est\u00e1 conformado el grupo interdisciplinario que acompa\u00f1a a los ni\u00f1os en la educaci\u00f3n virtual preescolar en nuestra instituci\u00f3n, y la ruta a seguir, si requieres atenci\u00f3n:<\/p>\n<p style=\"line-height: 1\"><img decoding=\"async\" src=\"https:\/\/colegiobureche.edu.co\/wp-content\/uploads\/sites\/33\/2025\/01\/infografia_mail-4.jpg\" alt=\"colegio virtual\" width=\"645\" style=\"width: 645px\"><\/p>\n<h2 style=\"line-height: 1\"><strong>Apoyo a los padres de familia<\/strong><\/h2>\n<p style=\"text-align: justify\">Carmen Solano, directora del preescolar de Bureche School, menciona que en el colegio se adelantan acciones para lograr que los padres de familia se sientan acompa\u00f1ados y respaldados en la educaci\u00f3n de sus hijos.<\/p>\n<p style=\"text-align: justify\">\u201cDesde el principio cuando socializamos con los padres el proyecto educativo y la propuesta de valor, dos palabras fueron fundamentales: flexibilidad y apoyo, y lo seguir\u00e1n siendo tanto en la educaci\u00f3n virtual como en la alternancia\u201d, explica la directiva.&nbsp;&nbsp;<\/p>\n<p style=\"text-align: justify\"><span style=\"color: #ff0201\"><a href=\"https:\/\/blog.colegiobureche.edu.co\/tareas-u-oportunidades-de-aprendizaje-en-familia-2\" style=\"font-weight: bold;color: #ff0201\">Tareas u Oportunidades de Aprendizaje en Familia<\/a><\/span><\/p>\n<p style=\"text-align: justify\">Lo anterior significa, seg\u00fan ella, que los padres han sentido el apoyo y respaldo en todo momento por parte del equipo, pues esa flexibilidad y apoyo se han visto reflejadas en las acomodaciones, horarios, ajustes, y modificaciones especiales realizadas de acuerdo con cada caso y perfil de familia, ya sea \u00e1rea, intensidad acad\u00e9mica, disminuci\u00f3n de tiempo sincr\u00f3nico, tutor\u00edas individuales en tiempo asincr\u00f3nico, etc.<\/p>\n<p style=\"font-size: 18px;text-align: center\"><span style=\"color: #ff0201\"><em><strong>Las clases son en grupos peque\u00f1os, y hay un balance ideal en nuestros horarios, entre los momentos sincr\u00f3nicos y asincr\u00f3nicos.<\/strong><\/em><\/span><\/p>\n<p style=\"text-align: justify\">De esa forma, en el preescolar de Bureche School, le apostamos a una aventura virtual maravillosa donde los ni\u00f1os son el centro y los peque\u00f1os l\u00edderes del proceso, y brindamos esta oportunidad a trav\u00e9s de la metodolog\u00eda de proyectos, aprendizaje activo y el juego.<\/p>\n<p style=\"text-align: justify\">&nbsp;<\/p>\n<p style=\"text-align: center;font-size: 20px\"><strong>&nbsp;\u00a1Ya queremos que seas parte de la familia Bureche!<\/strong><\/p>\n<p><\/span><\/p>\n","protected":false},"excerpt":{"rendered":"<p>En el preescolar virtual Bureche School contamos con un equipo interdisciplinario para acompa\u00f1ar a los ni\u00f1os y sus familias.<\/p>\n","protected":false},"featured_media":642,"template":"","class_list":["post-628","school-news","type-school-news","status-publish","has-post-thumbnail","hentry"],"acf":[],"yoast_head":"<!-- This site is optimized with the Yoast SEO plugin v27.1.1 - https:\/\/yoast.com\/product\/yoast-seo-wordpress\/ -->\n<title>[Infogr\u00e1fico] As\u00ed acompa\u00f1amos a los ni\u00f1os de preescolar en nuestro colegio virtual - Bureche School | Biling\u00fce Internacional<\/title>\n<meta name=\"robots\" content=\"index, follow, max-snippet:-1, max-image-preview:large, max-video-preview:-1\" \/>\n<link rel=\"canonical\" href=\"https:\/\/colegiobureche.edu.co\/es\/school-news\/infografico-asi-acompanamos-a-los-ninos-de-preescolar-en-nuestro-colegio-virtual\/\" \/>\n<meta property=\"og:locale\" content=\"es_ES\" \/>\n<meta property=\"og:type\" content=\"article\" \/>\n<meta property=\"og:title\" content=\"[Infogr\u00e1fico] As\u00ed acompa\u00f1amos a los ni\u00f1os de preescolar en nuestro colegio virtual - Bureche School | Biling\u00fce Internacional\" \/>\n<meta property=\"og:description\" content=\"En el preescolar virtual Bureche School contamos con un equipo interdisciplinario para acompa\u00f1ar a los ni\u00f1os y sus familias.\" \/>\n<meta property=\"og:url\" content=\"https:\/\/colegiobureche.edu.co\/es\/school-news\/infografico-asi-acompanamos-a-los-ninos-de-preescolar-en-nuestro-colegio-virtual\/\" \/>\n<meta property=\"og:site_name\" content=\"Bureche School | Biling\u00fce Internacional\" \/>\n<meta property=\"article:publisher\" content=\"https:\/\/www.facebook.com\/BurecheSchoolSM\/\" \/>\n<meta property=\"og:image\" content=\"https:\/\/colegiobureche.edu.co\/wp-content\/uploads\/sites\/33\/2025\/01\/AdobeStock_27345700-min.jpeg\" \/>\n<meta name=\"twitter:card\" content=\"summary_large_image\" \/>\n<meta name=\"twitter:label1\" content=\"Tiempo de lectura\" \/>\n\t<meta name=\"twitter:data1\" content=\"2 minutos\" \/>\n<script type=\"application\/ld+json\" class=\"yoast-schema-graph\">{\"@context\":\"https:\/\/schema.org\",\"@graph\":[{\"@type\":\"WebPage\",\"@id\":\"https:\/\/colegiobureche.edu.co\/es\/school-news\/infografico-asi-acompanamos-a-los-ninos-de-preescolar-en-nuestro-colegio-virtual\/\",\"url\":\"https:\/\/colegiobureche.edu.co\/es\/school-news\/infografico-asi-acompanamos-a-los-ninos-de-preescolar-en-nuestro-colegio-virtual\/\",\"name\":\"[Infogr\u00e1fico] As\u00ed acompa\u00f1amos a los ni\u00f1os de preescolar en nuestro colegio virtual - Bureche School | Biling\u00fce Internacional\",\"isPartOf\":{\"@id\":\"https:\/\/colegiobureche.edu.co\/es\/#website\"},\"primaryImageOfPage\":{\"@id\":\"https:\/\/colegiobureche.edu.co\/es\/school-news\/infografico-asi-acompanamos-a-los-ninos-de-preescolar-en-nuestro-colegio-virtual\/#primaryimage\"},\"image\":{\"@id\":\"https:\/\/colegiobureche.edu.co\/es\/school-news\/infografico-asi-acompanamos-a-los-ninos-de-preescolar-en-nuestro-colegio-virtual\/#primaryimage\"},\"thumbnailUrl\":\"https:\/\/colegiobureche.edu.co\/wp-content\/uploads\/sites\/33\/2025\/01\/AdobeStock_27345700-min-Feb-27-2024-09-38-38-1488-PM-scaled-1.jpeg\",\"datePublished\":\"2024-07-05T19:07:20+00:00\",\"breadcrumb\":{\"@id\":\"https:\/\/colegiobureche.edu.co\/es\/school-news\/infografico-asi-acompanamos-a-los-ninos-de-preescolar-en-nuestro-colegio-virtual\/#breadcrumb\"},\"inLanguage\":\"es\",\"potentialAction\":[{\"@type\":\"ReadAction\",\"target\":[\"https:\/\/colegiobureche.edu.co\/es\/school-news\/infografico-asi-acompanamos-a-los-ninos-de-preescolar-en-nuestro-colegio-virtual\/\"]}]},{\"@type\":\"ImageObject\",\"inLanguage\":\"es\",\"@id\":\"https:\/\/colegiobureche.edu.co\/es\/school-news\/infografico-asi-acompanamos-a-los-ninos-de-preescolar-en-nuestro-colegio-virtual\/#primaryimage\",\"url\":\"https:\/\/colegiobureche.edu.co\/wp-content\/uploads\/sites\/33\/2025\/01\/AdobeStock_27345700-min-Feb-27-2024-09-38-38-1488-PM-scaled-1.jpeg\",\"contentUrl\":\"https:\/\/colegiobureche.edu.co\/wp-content\/uploads\/sites\/33\/2025\/01\/AdobeStock_27345700-min-Feb-27-2024-09-38-38-1488-PM-scaled-1.jpeg\",\"width\":2560,\"height\":1707},{\"@type\":\"BreadcrumbList\",\"@id\":\"https:\/\/colegiobureche.edu.co\/es\/school-news\/infografico-asi-acompanamos-a-los-ninos-de-preescolar-en-nuestro-colegio-virtual\/#breadcrumb\",\"itemListElement\":[{\"@type\":\"ListItem\",\"position\":1,\"name\":\"Home\",\"item\":\"https:\/\/colegiobureche.edu.co\/es\/\"},{\"@type\":\"ListItem\",\"position\":2,\"name\":\"[Infogr\u00e1fico] As\u00ed acompa\u00f1amos a los ni\u00f1os de preescolar en nuestro colegio virtual\"}]},{\"@type\":\"WebSite\",\"@id\":\"https:\/\/colegiobureche.edu.co\/es\/#website\",\"url\":\"https:\/\/colegiobureche.edu.co\/es\/\",\"name\":\"Bureche School | Biling\u00fce Internacional\",\"description\":\"Somos el mejor colegio biling\u00fce internacional de Santa Marta. \u00danicos con Bachillerato Internacional (IB Diploma) en la ciudad y curr\u00edculos de desarrollo socioemocional (Ruler). \u00a1Dale la mejor educaci\u00f3n a tus hijos!\",\"publisher\":{\"@id\":\"https:\/\/colegiobureche.edu.co\/es\/#organization\"},\"potentialAction\":[{\"@type\":\"SearchAction\",\"target\":{\"@type\":\"EntryPoint\",\"urlTemplate\":\"https:\/\/colegiobureche.edu.co\/es\/?s={search_term_string}\"},\"query-input\":{\"@type\":\"PropertyValueSpecification\",\"valueRequired\":true,\"valueName\":\"search_term_string\"}}],\"inLanguage\":\"es\"},{\"@type\":\"Organization\",\"@id\":\"https:\/\/colegiobureche.edu.co\/es\/#organization\",\"name\":\"Bureche School | Biling\u00fce Internacional\",\"url\":\"https:\/\/colegiobureche.edu.co\/es\/\",\"logo\":{\"@type\":\"ImageObject\",\"inLanguage\":\"es\",\"@id\":\"https:\/\/colegiobureche.edu.co\/es\/#\/schema\/logo\/image\/\",\"url\":\"https:\/\/colegiobureche.edu.co\/wp-content\/uploads\/sites\/33\/2024\/11\/cropped-LogoBureche-2.png\",\"contentUrl\":\"https:\/\/colegiobureche.edu.co\/wp-content\/uploads\/sites\/33\/2024\/11\/cropped-LogoBureche-2.png\",\"width\":808,\"height\":388,\"caption\":\"Bureche School | Biling\u00fce Internacional\"},\"image\":{\"@id\":\"https:\/\/colegiobureche.edu.co\/es\/#\/schema\/logo\/image\/\"},\"sameAs\":[\"https:\/\/www.facebook.com\/BurecheSchoolSM\/\",\"https:\/\/www.instagram.com\/burecheschool\/\",\"https:\/\/www.youtube.com\/channel\/UCYJrF2OYgQAIcwhwcOyM5qw\"]}]}<\/script>\n<!-- \/ Yoast SEO plugin. -->","yoast_head_json":{"title":"[Infogr\u00e1fico] As\u00ed acompa\u00f1amos a los ni\u00f1os de preescolar en nuestro colegio virtual - Bureche School | Biling\u00fce Internacional","robots":{"index":"index","follow":"follow","max-snippet":"max-snippet:-1","max-image-preview":"max-image-preview:large","max-video-preview":"max-video-preview:-1"},"canonical":"https:\/\/colegiobureche.edu.co\/es\/school-news\/infografico-asi-acompanamos-a-los-ninos-de-preescolar-en-nuestro-colegio-virtual\/","og_locale":"es_ES","og_type":"article","og_title":"[Infogr\u00e1fico] As\u00ed acompa\u00f1amos a los ni\u00f1os de preescolar en nuestro colegio virtual - Bureche School | Biling\u00fce Internacional","og_description":"En el preescolar virtual Bureche School contamos con un equipo interdisciplinario para acompa\u00f1ar a los ni\u00f1os y sus familias.","og_url":"https:\/\/colegiobureche.edu.co\/es\/school-news\/infografico-asi-acompanamos-a-los-ninos-de-preescolar-en-nuestro-colegio-virtual\/","og_site_name":"Bureche School | Biling\u00fce Internacional","article_publisher":"https:\/\/www.facebook.com\/BurecheSchoolSM\/","og_image":[{"url":"https:\/\/colegiobureche.edu.co\/wp-content\/uploads\/sites\/33\/2025\/01\/AdobeStock_27345700-min.jpeg","type":"","width":"","height":""}],"twitter_card":"summary_large_image","twitter_misc":{"Tiempo de lectura":"2 minutos"},"schema":{"@context":"https:\/\/schema.org","@graph":[{"@type":"WebPage","@id":"https:\/\/colegiobureche.edu.co\/es\/school-news\/infografico-asi-acompanamos-a-los-ninos-de-preescolar-en-nuestro-colegio-virtual\/","url":"https:\/\/colegiobureche.edu.co\/es\/school-news\/infografico-asi-acompanamos-a-los-ninos-de-preescolar-en-nuestro-colegio-virtual\/","name":"[Infogr\u00e1fico] As\u00ed acompa\u00f1amos a los ni\u00f1os de preescolar en nuestro colegio virtual - Bureche School | Biling\u00fce Internacional","isPartOf":{"@id":"https:\/\/colegiobureche.edu.co\/es\/#website"},"primaryImageOfPage":{"@id":"https:\/\/colegiobureche.edu.co\/es\/school-news\/infografico-asi-acompanamos-a-los-ninos-de-preescolar-en-nuestro-colegio-virtual\/#primaryimage"},"image":{"@id":"https:\/\/colegiobureche.edu.co\/es\/school-news\/infografico-asi-acompanamos-a-los-ninos-de-preescolar-en-nuestro-colegio-virtual\/#primaryimage"},"thumbnailUrl":"https:\/\/colegiobureche.edu.co\/wp-content\/uploads\/sites\/33\/2025\/01\/AdobeStock_27345700-min-Feb-27-2024-09-38-38-1488-PM-scaled-1.jpeg","datePublished":"2024-07-05T19:07:20+00:00","breadcrumb":{"@id":"https:\/\/colegiobureche.edu.co\/es\/school-news\/infografico-asi-acompanamos-a-los-ninos-de-preescolar-en-nuestro-colegio-virtual\/#breadcrumb"},"inLanguage":"es","potentialAction":[{"@type":"ReadAction","target":["https:\/\/colegiobureche.edu.co\/es\/school-news\/infografico-asi-acompanamos-a-los-ninos-de-preescolar-en-nuestro-colegio-virtual\/"]}]},{"@type":"ImageObject","inLanguage":"es","@id":"https:\/\/colegiobureche.edu.co\/es\/school-news\/infografico-asi-acompanamos-a-los-ninos-de-preescolar-en-nuestro-colegio-virtual\/#primaryimage","url":"https:\/\/colegiobureche.edu.co\/wp-content\/uploads\/sites\/33\/2025\/01\/AdobeStock_27345700-min-Feb-27-2024-09-38-38-1488-PM-scaled-1.jpeg","contentUrl":"https:\/\/colegiobureche.edu.co\/wp-content\/uploads\/sites\/33\/2025\/01\/AdobeStock_27345700-min-Feb-27-2024-09-38-38-1488-PM-scaled-1.jpeg","width":2560,"height":1707},{"@type":"BreadcrumbList","@id":"https:\/\/colegiobureche.edu.co\/es\/school-news\/infografico-asi-acompanamos-a-los-ninos-de-preescolar-en-nuestro-colegio-virtual\/#breadcrumb","itemListElement":[{"@type":"ListItem","position":1,"name":"Home","item":"https:\/\/colegiobureche.edu.co\/es\/"},{"@type":"ListItem","position":2,"name":"[Infogr\u00e1fico] As\u00ed acompa\u00f1amos a los ni\u00f1os de preescolar en nuestro colegio virtual"}]},{"@type":"WebSite","@id":"https:\/\/colegiobureche.edu.co\/es\/#website","url":"https:\/\/colegiobureche.edu.co\/es\/","name":"Bureche School | Biling\u00fce Internacional","description":"Somos el mejor colegio biling\u00fce internacional de Santa Marta. \u00danicos con Bachillerato Internacional (IB Diploma) en la ciudad y curr\u00edculos de desarrollo socioemocional (Ruler). \u00a1Dale la mejor educaci\u00f3n a tus hijos!","publisher":{"@id":"https:\/\/colegiobureche.edu.co\/es\/#organization"},"potentialAction":[{"@type":"SearchAction","target":{"@type":"EntryPoint","urlTemplate":"https:\/\/colegiobureche.edu.co\/es\/?s={search_term_string}"},"query-input":{"@type":"PropertyValueSpecification","valueRequired":true,"valueName":"search_term_string"}}],"inLanguage":"es"},{"@type":"Organization","@id":"https:\/\/colegiobureche.edu.co\/es\/#organization","name":"Bureche School | Biling\u00fce Internacional","url":"https:\/\/colegiobureche.edu.co\/es\/","logo":{"@type":"ImageObject","inLanguage":"es","@id":"https:\/\/colegiobureche.edu.co\/es\/#\/schema\/logo\/image\/","url":"https:\/\/colegiobureche.edu.co\/wp-content\/uploads\/sites\/33\/2024\/11\/cropped-LogoBureche-2.png","contentUrl":"https:\/\/colegiobureche.edu.co\/wp-content\/uploads\/sites\/33\/2024\/11\/cropped-LogoBureche-2.png","width":808,"height":388,"caption":"Bureche School | Biling\u00fce Internacional"},"image":{"@id":"https:\/\/colegiobureche.edu.co\/es\/#\/schema\/logo\/image\/"},"sameAs":["https:\/\/www.facebook.com\/BurecheSchoolSM\/","https:\/\/www.instagram.com\/burecheschool\/","https:\/\/www.youtube.com\/channel\/UCYJrF2OYgQAIcwhwcOyM5qw"]}]}},"jetpack_sharing_enabled":true,"_links":{"self":[{"href":"https:\/\/colegiobureche.edu.co\/es\/wp-json\/wp\/v2\/school-news\/628","targetHints":{"allow":["GET"]}}],"collection":[{"href":"https:\/\/colegiobureche.edu.co\/es\/wp-json\/wp\/v2\/school-news"}],"about":[{"href":"https:\/\/colegiobureche.edu.co\/es\/wp-json\/wp\/v2\/types\/school-news"}],"version-history":[{"count":0,"href":"https:\/\/colegiobureche.edu.co\/es\/wp-json\/wp\/v2\/school-news\/628\/revisions"}],"wp:featuredmedia":[{"embeddable":true,"href":"https:\/\/colegiobureche.edu.co\/es\/wp-json\/wp\/v2\/media\/642"}],"wp:attachment":[{"href":"https:\/\/colegiobureche.edu.co\/es\/wp-json\/wp\/v2\/media?parent=628"}],"curies":[{"name":"wp","href":"https:\/\/api.w.org\/{rel}","templated":true}]}}